{"id":12377,"date":"2026-04-22T16:21:57","date_gmt":"2026-04-22T13:21:57","guid":{"rendered":"https:\/\/oigusaktid.taltech.ee\/?p=12377"},"modified":"2026-04-22T16:34:25","modified_gmt":"2026-04-22T13:34:25","slug":"admission-calendar-for-first-and-second-level-studies-in-the-academic-year-the-year-after-next","status":"publish","type":"post","link":"https:\/\/oigusaktid.taltech.ee\/en\/admission-calendar-for-first-and-second-level-studies-in-the-academic-year-the-year-after-next\/","title":{"rendered":"Admission Calendar for First and Second Level Studies in the Academic Year 2027\/2028"},"content":{"rendered":"<p>Pursuant to subsection 2 (2) of Regulation No 1 of\u00a0 15 February 2022 of the Senate of Tallinn University of Technology \u201cRequirements for the Admission to the First and Second Level of Studies at Tallinn University of Technology\u201d,<\/p>\n<p>1. I hereby establish the admission calendar for first- and second-level studies in the academic year 2027\/2028 as follows:<\/p>\n<p><strong>Submission of applications and other documents required for admission by foreign nationals to study programmes taught in English via the international student admission information system DreamApply:<\/strong><\/p>\n<table class=\"Table\" style=\"width: 840px; border-collapse: collapse; border: none; height: 125px;\" width=\"633\">\n<tbody>\n<tr>\n<td style=\"width: 198px; padding: 0cm 7px 0cm 7px; border: 1px solid gray;\">1 February \u2013 22 March<\/td>\n<td style=\"border-bottom: 1px solid gray; width: 435px; padding: 0cm 7px 0cm 7px; border-top: 1px solid gray; border-right: 1px solid gray; border-left: none;\">by third-country nationals<\/td>\n<\/tr>\n<tr>\n<td style=\"border-bottom: 1px solid gray; width: 198px; padding: 0cm 7px 0cm 7px; border-top: none; border-right: 1px solid gray; border-left: 1px solid gray;\">1 February \u2013 1 May<\/td>\n<td style=\"border-bottom: 1px solid gray; width: 435px; padding: 0cm 7px 0cm 7px; border-top: none; border-right: 1px solid gray; border-left: none;\">by the citizens of the OECD member states, Ukraine and Georgia and third-country nationals, who have a legal basis for staying in Estonia<\/td>\n<\/tr>\n<tr>\n<td style=\"border-bottom: 1px solid gray; width: 198px; padding: 0cm 7px 0cm 7px; border-top: none; border-right: 1px solid gray; border-left: 1px solid gray;\">1 February \u2013 1 June<\/td>\n<td style=\"border-bottom: 1px solid gray; width: 435px; padding: 0cm 7px 0cm 7px; border-top: none; border-right: 1px solid gray; border-left: none;\">by the citizens of the EU\/EEA and Switzerland<\/td>\n<\/tr>\n<tr>\n<td style=\"border-bottom: 1px solid gray; width: 198px; padding: 0cm 7px 0cm 7px; border-top: none; border-right: 1px solid gray; border-left: 1px solid gray;\">1 February \u2013 1 August<\/td>\n<td style=\"border-bottom: 1px solid gray; width: 435px; padding: 0cm 7px 0cm 7px; border-top: none; border-right: 1px solid gray; border-left: none;\">to study programmes of the School of Business and Governance by the citizens of Finland, Latvia and Lithuania<\/td>\n<\/tr>\n<\/tbody>\n<\/table>\n<p>Admission tests for foreign nationals applying via DreamApply will take place during the admission period by agreement with the programme director.<\/p>\n<p><strong>Submission of applications and other documents required for admission by permanent residents of Estonia and by foreign nationals to study programmes taught in Estonian:<\/strong><\/p>\n<table class=\"Table\" style=\"width: 834px; border-collapse: collapse; border: none; height: 58px;\" width=\"633\">\n<tbody>\n<tr>\n<td style=\"width: 198px; padding: 0cm 7px 0cm 7px; height: 24px; border: 1px solid gray;\">1 March\u2013 5 July at 12.00 (midday)<\/td>\n<td style=\"border-bottom: 1px solid gray; width: 435px; padding: 0cm 7px 0cm 7px; height: 24px; border-top: 1px solid gray; border-right: 1px solid gray; border-left: none;\">submission of applications via the admission information system SAIS<\/td>\n<\/tr>\n<tr>\n<td style=\"border-bottom: 1px solid gray; width: 198px; padding: 0cm 7px 0cm 7px; height: 27px; border-top: none; border-right: 1px solid gray; border-left: 1px solid gray;\">29 June\u2013 5 July at 12.00 (midday)<\/td>\n<td style=\"border-bottom: 1px solid gray; width: 435px; padding: 0cm 7px 0cm 7px; height: 27px; border-top: none; border-right: 1px solid gray; border-left: none;\">reception of applications and documents on site at Tallinn University of Technology (TalTech)<\/td>\n<\/tr>\n<\/tbody>\n<\/table>\n<p><strong>Admission tests for persons applying via the admission information system SAIS<\/strong><\/p>\n<table class=\"Table\" style=\"width: 835px; border-collapse: collapse; border: none; height: 261px;\" width=\"633\">\n<tbody>\n<tr>\n<td style=\"width: 198px; padding: 0cm 7px 0cm 7px; border: 1px solid gray;\">1 March\u2013 28 June at 12.00 (midday)<\/td>\n<td style=\"border-bottom: 1px solid gray; width: 435px; padding: 0cm 7px 0cm 7px; border-top: 1px solid gray; border-right: 1px solid gray; border-left: none;\">registration for the mathematics and Estonian language admission tests for applicants to first-level studies<\/td>\n<\/tr>\n<tr>\n<td style=\"border-bottom: 1px solid gray; width: 198px; padding: 0cm 7px 0cm 7px; height: 27px; border-top: none; border-right: 1px solid gray; border-left: 1px solid gray;\">5. \u2013 11 April<\/td>\n<td style=\"border-bottom: 1px solid gray; width: 435px; padding: 0cm 7px 0cm 7px; height: 27px; border-top: none; border-right: 1px solid gray; border-left: none;\">first period of admission tests; registration in the admission information system SAIS<\/td>\n<\/tr>\n<tr>\n<td style=\"border-bottom: 1px solid gray; width: 198px; padding: 0cm 7px 0cm 7px; height: 27px; border-top: none; border-right: 1px solid gray; border-left: 1px solid gray;\">10. \u2013 16 May<\/td>\n<td style=\"border-bottom: 1px solid gray; width: 435px; padding: 0cm 7px 0cm 7px; height: 27px; border-top: none; border-right: 1px solid gray; border-left: none;\">second period of admission tests; registration in the admission information system SAIS<\/td>\n<\/tr>\n<tr>\n<td style=\"border-bottom: 1px solid gray; width: 198px; padding: 0cm 7px 0cm 7px; border-top: none; border-right: 1px solid gray; border-left: 1px solid gray;\">28 June<\/td>\n<td style=\"border-bottom: 1px solid gray; width: 435px; padding: 0cm 7px 0cm 7px; border-top: none; border-right: 1px solid gray; border-left: none;\">mathematics counselling for applicants who have registered for the admission test by the deadline<\/td>\n<\/tr>\n<tr>\n<td style=\"border-bottom: 1px solid gray; width: 198px; padding: 0cm 7px 0cm 7px; border-top: none; border-right: 1px solid gray; border-left: 1px solid gray;\">29 June<\/td>\n<td style=\"border-bottom: 1px solid gray; width: 435px; padding: 0cm 7px 0cm 7px; border-top: none; border-right: 1px solid gray; border-left: none;\">admission test in mathematics for applicants who have registered for the admission test by the deadline<\/td>\n<\/tr>\n<tr>\n<td style=\"border-bottom: 1px solid gray; width: 198px; padding: 0cm 7px 0cm 7px; height: 31px; border-top: none; border-right: 1px solid gray; border-left: 1px solid gray;\">30 June<\/td>\n<td style=\"border-bottom: 1px solid gray; width: 435px; padding: 0cm 7px 0cm 7px; height: 31px; border-top: none; border-right: 1px solid gray; border-left: none;\">admission test in the Estonian language for applicants who have registered for the admission test by the deadline<\/td>\n<\/tr>\n<tr>\n<td style=\"border-bottom: 1px solid gray; width: 198px; padding: 0cm 7px 0cm 7px; height: 28px; border-top: none; border-right: 1px solid gray; border-left: 1px solid gray;\">7. \u2013 11 July<\/td>\n<td style=\"border-bottom: 1px solid gray; width: 435px; padding: 0cm 7px 0cm 7px; height: 28px; border-top: none; border-right: 1px solid gray; border-left: none;\">third period of admission tests; registration in the admission information system SAIS<\/td>\n<\/tr>\n<\/tbody>\n<\/table>\n<p><strong>Receiving and confirming an offer of a study place*, matriculation, the pre-week<\/strong><\/p>\n<table class=\"Table\" style=\"width: 835px; border-collapse: collapse; border: none; height: 393px;\" width=\"643\">\n<tbody>\n<tr>\n<td style=\"width: 151px; padding: 0cm 7px 0cm 7px; border: 1px solid gray;\">1 February \u2013 15 August<\/td>\n<td style=\"border-bottom: 1px solid gray; width: 491px; padding: 0cm 7px 0cm 7px; border-top: 1px solid gray; border-right: 1px solid gray; border-left: none;\">study places are offered to international applicants who have applied via DreamApply and meet the requirements<\/td>\n<\/tr>\n<tr>\n<td style=\"border-bottom: 1px solid gray; width: 151px; padding: 0cm 7px 0cm 7px; border-top: none; border-right: 1px solid gray; border-left: 1px solid gray;\">1 March \u2013 12 July<\/td>\n<td style=\"border-bottom: 1px solid gray; width: 491px; padding: 0cm 7px 0cm 7px; border-top: none; border-right: 1px solid gray; border-left: none;\">in study programmes with threshold-based admission, study places are offered to applicants who have applied via SAIS and meet the requirements<\/td>\n<\/tr>\n<tr>\n<td style=\"border-bottom: 1px solid gray; width: 151px; padding: 0cm 7px 0cm 7px; height: 26px; border-top: none; border-right: 1px solid gray; border-left: 1px solid gray;\">7. \u2013 12 July<\/td>\n<td style=\"border-bottom: 1px solid gray; width: 491px; padding: 0cm 7px 0cm 7px; height: 26px; border-top: none; border-right: 1px solid gray; border-left: none;\">in study programmes with admission limits, study places are first offered to applicants who have applied via SAIS and meet the requirements<\/td>\n<\/tr>\n<tr>\n<td style=\"border-bottom: 1px solid gray; width: 151px; padding: 0cm 7px 0cm 7px; height: 26px; border-top: none; border-right: 1px solid gray; border-left: 1px solid gray;\">12 July<\/td>\n<td style=\"border-bottom: 1px solid gray; width: 491px; padding: 0cm 7px 0cm 7px; height: 26px; border-top: none; border-right: 1px solid gray; border-left: none;\">deadline for applicants entitled to a free study place to confirm exmatriculation from a previous free study place in order to receive an offer of a free study place<\/td>\n<\/tr>\n<tr>\n<td style=\"border-bottom: 1px solid gray; width: 151px; padding: 0cm 7px 0cm 7px; height: 28px; border-top: none; border-right: 1px solid gray; border-left: 1px solid gray;\">14 July<\/td>\n<td style=\"border-bottom: 1px solid gray; width: 491px; padding: 0cm 7px 0cm 7px; height: 28px; border-top: none; border-right: 1px solid gray; border-left: none;\">deadline for applicants who have been offered a study place via SAIS before 14 July to confirm their study place<\/td>\n<\/tr>\n<tr>\n<td style=\"border-bottom: 1px solid gray; width: 151px; padding: 0cm 7px 0cm 7px; height: 28px; border-top: none; border-right: 1px solid gray; border-left: 1px solid gray;\">13 August<\/td>\n<td style=\"border-bottom: 1px solid gray; width: 491px; padding: 0cm 7px 0cm 7px; height: 28px; border-top: none; border-right: 1px solid gray; border-left: none;\">deadline for offering study places to applicants who have applied via SAIS and meet the requirements, for filling vacant study places in study programmes with admission limits**<\/td>\n<\/tr>\n<tr>\n<td style=\"border-bottom: 1px solid gray; width: 151px; padding: 0cm 7px 0cm 7px; height: 29px; border-top: none; border-right: 1px solid gray; border-left: 1px solid gray;\">15 August<\/td>\n<td style=\"border-bottom: 1px solid gray; width: 491px; padding: 0cm 7px 0cm 7px; height: 29px; border-top: none; border-right: 1px solid gray; border-left: none;\">deadline for applicants entitled to a free study place to confirm exmatriculation from a previous free study place in order to be matriculated to a free study place<\/td>\n<\/tr>\n<tr>\n<td style=\"border-bottom: 1px solid gray; width: 151px; padding: 0cm 7px 0cm 7px; border-top: none; border-right: 1px solid gray; border-left: 1px solid gray;\">17. \u2013 24 August<\/td>\n<td style=\"border-bottom: 1px solid gray; width: 491px; padding: 0cm 7px 0cm 7px; border-top: none; border-right: 1px solid gray; border-left: none;\">matriculation of admitted applicants***<\/td>\n<\/tr>\n<tr>\n<td style=\"border-bottom: 1px solid gray; width: 151px; padding: 0cm 7px 0cm 7px; border-top: none; border-right: 1px solid gray; border-left: 1px solid gray;\">20 August<\/td>\n<td style=\"border-bottom: 1px solid gray; width: 491px; padding: 0cm 7px 0cm 7px; border-top: none; border-right: 1px solid gray; border-left: none;\">deadline for international applicants who applied via DreamApply to confirm their study place<\/td>\n<\/tr>\n<tr>\n<td style=\"border-bottom: 1px solid gray; width: 151px; padding: 0cm 7px 0cm 7px; border-top: none; border-right: 1px solid gray; border-left: 1px solid gray;\">23 August<\/td>\n<td style=\"border-bottom: 1px solid gray; width: 491px; padding: 0cm 7px 0cm 7px; border-top: none; border-right: 1px solid gray; border-left: none;\">beginning of the pre-week (incl. introductory lectures on TalTech and academic policies) for students admitted to daytime studies in bachelor\u2019s, integrated and professional higher education programmes for the 2027\/2028 academic year<\/td>\n<\/tr>\n<\/tbody>\n<\/table>\n<p><span style=\"font-size: 11pt;\"><span style=\"font-family: Calibri,sans-serif;\"><i><span style=\"font-size: 10.0pt;\">*<em>If graduation from an educational institution abroad takes place after 5 July 2027, an applicant who has submitted an application and the required documents by the deadline and whose application status in the admission information system SAIS is \u201cconditional admission\u201d will be offered a study place on the basis of the submitted graduation certificate and recognition by the ENIC\/NARIC Centre until 13 August 2027.<\/em><br \/>\n**<em>An applicant who has been offered a study place must confirm it by the deadline indicated in the notification sent via SAIS.<\/em><\/span><\/i><\/span><\/span><br \/>\n<span style=\"font-size: 11pt;\"><span style=\"font-family: Calibri,sans-serif;\"><i><span style=\"font-size: 10.0pt;\">***<em>Matriculation of international applicants to study programmes taught in English takes place until the deadline for submission of the semester\u2019s individual study plan or, based on the dean\u2019s decision, until 15 September, except for the MVGN study programme, for which matriculation may take place until 30 September.<\/em><\/span><\/i><\/span><\/span><\/p>\n<p><strong>Additional admission to the Entrepreneurial Management MBA study programme<\/strong><\/p>\n<table class=\"Table\" style=\"width: 838px; border-collapse: collapse; border: none; height: 177px;\" width=\"643\">\n<tbody>\n<tr>\n<td style=\"width: 170px; padding: 0cm 7px 0cm 7px; border: 1px solid gray;\">23 \u2013 31 August<\/td>\n<td style=\"border-bottom: 1px solid gray; width: 472px; padding: 0cm 7px 0cm 7px; border-top: 1px solid gray; border-right: 1px solid gray; border-left: none;\">submission of applications and other documents* required for admission by citizens of Finland, Latvia and Lithuania via the international students admission information system DreamApply, and by permanent residents of Estonia via the admission information system SAIS<\/td>\n<\/tr>\n<tr>\n<td style=\"border-bottom: 1px solid gray; width: 170px; padding: 0cm 7px 0cm 7px; border-top: none; border-right: 1px solid gray; border-left: 1px solid gray;\">24. \u2013 30 August<\/td>\n<td style=\"border-bottom: 1px solid gray; width: 472px; padding: 0cm 7px 0cm 7px; border-top: none; border-right: 1px solid gray; border-left: none;\">period during which the admission test takes place<\/td>\n<\/tr>\n<tr>\n<td style=\"border-bottom: 1px solid gray; width: 170px; padding: 0cm 7px 0cm 7px; border-top: none; border-right: 1px solid gray; border-left: 1px solid gray;\">31 August<\/td>\n<td style=\"border-bottom: 1px solid gray; width: 472px; padding: 0cm 7px 0cm 7px; border-top: none; border-right: 1px solid gray; border-left: none;\">study places are offered to applicants who meet the requirements<\/td>\n<\/tr>\n<tr>\n<td style=\"border-bottom: 1px solid gray; width: 170px; padding: 0cm 7px 0cm 7px; border-top: none; border-right: 1px solid gray; border-left: 1px solid gray;\">2 September<\/td>\n<td style=\"border-bottom: 1px solid gray; width: 472px; padding: 0cm 7px 0cm 7px; border-top: none; border-right: 1px solid gray; border-left: none;\">deadline for confirming the study place<\/td>\n<\/tr>\n<tr>\n<td style=\"border-bottom: 1px solid gray; width: 170px; padding: 0cm 7px 0cm 7px; border-top: none; border-right: 1px solid gray; border-left: 1px solid gray;\">6 September<\/td>\n<td style=\"border-bottom: 1px solid gray; width: 472px; padding: 0cm 7px 0cm 7px; border-top: none; border-right: 1px solid gray; border-left: none;\">deadline for matriculation of admitted applicants<\/td>\n<\/tr>\n<\/tbody>\n<\/table>\n<p><span style=\"font-size: 11pt;\"><span style=\"font-family: Calibri,sans-serif;\"><i><span style=\"font-size: 10.0pt;\">*<em>sh kandideerimisel n\u00f5utavale k\u00f5rgharidusele t\u00e4htajaks taotletud ENIC\/NARIC keskuse hinnang, kui k\u00f5rgharidus ei ole omandatud Eestis<\/em>.<\/span><\/i><\/span><\/span><\/p>\n<p>2. The directive shall enter into force upon signature.<\/p>\n","protected":false},"excerpt":{"rendered":"<p>Pursuant to subsection 2 (2) of Regulation No 1 of\u00a0 15 February 2022 of the Senate of Tallinn University of Technology \u201cRequirements for the Admission to the First and Second Level of Studies at Tallinn University of Technology\u201d, 1. I hereby establish the admission calendar for first- and second-level studies in the academic year 2027\/2028 [&hellip;]<\/p>\n","protected":false},"author":4,"featured_media":0,"parent":0,"comment_status":"closed","ping_status":"closed","sticky":false,"template":"","format":"standard","meta":{"_acf_changed":false,"smart_processes":["https:\/\/smart.taltech.ee\/en\/process\/degree-studies\/"],"footnotes":""},"categories":[182],"tags":[],"legislation_type":[150],"legislation_approval":[],"subdivision":[201],"faculty":[],"division":[224],"department":[243],"class_list":["post-12377","post","type-post","status-publish","format-standard","hentry","category-legislation","legislation_type-directive","subdivision-degree-studies","division-teaching-and-learning","department-office-of-academic-affairs"],"acf":{"smart_processes":["https:\/\/smart.taltech.ee\/en\/process\/degree-studies\/"]},"_links":{"self":[{"href":"https:\/\/oigusaktid.taltech.ee\/en\/wp-json\/wp\/v2\/posts\/12377","targetHints":{"allow":["GET"]}}],"collection":[{"href":"https:\/\/oigusaktid.taltech.ee\/en\/wp-json\/wp\/v2\/posts"}],"about":[{"href":"https:\/\/oigusaktid.taltech.ee\/en\/wp-json\/wp\/v2\/types\/post"}],"author":[{"embeddable":true,"href":"https:\/\/oigusaktid.taltech.ee\/en\/wp-json\/wp\/v2\/users\/4"}],"replies":[{"embeddable":true,"href":"https:\/\/oigusaktid.taltech.ee\/en\/wp-json\/wp\/v2\/comments?post=12377"}],"version-history":[{"count":1,"href":"https:\/\/oigusaktid.taltech.ee\/en\/wp-json\/wp\/v2\/posts\/12377\/revisions"}],"predecessor-version":[{"id":12380,"href":"https:\/\/oigusaktid.taltech.ee\/en\/wp-json\/wp\/v2\/posts\/12377\/revisions\/12380"}],"wp:attachment":[{"href":"https:\/\/oigusaktid.taltech.ee\/en\/wp-json\/wp\/v2\/media?parent=12377"}],"wp:term":[{"taxonomy":"category","embeddable":true,"href":"https:\/\/oigusaktid.taltech.ee\/en\/wp-json\/wp\/v2\/categories?post=12377"},{"taxonomy":"post_tag","embeddable":true,"href":"https:\/\/oigusaktid.taltech.ee\/en\/wp-json\/wp\/v2\/tags?post=12377"},{"taxonomy":"legislation_type","embeddable":true,"href":"https:\/\/oigusaktid.taltech.ee\/en\/wp-json\/wp\/v2\/legislation_type?post=12377"},{"taxonomy":"legislation_approval","embeddable":true,"href":"https:\/\/oigusaktid.taltech.ee\/en\/wp-json\/wp\/v2\/legislation_approval?post=12377"},{"taxonomy":"subdivision","embeddable":true,"href":"https:\/\/oigusaktid.taltech.ee\/en\/wp-json\/wp\/v2\/subdivision?post=12377"},{"taxonomy":"faculty","embeddable":true,"href":"https:\/\/oigusaktid.taltech.ee\/en\/wp-json\/wp\/v2\/faculty?post=12377"},{"taxonomy":"division","embeddable":true,"href":"https:\/\/oigusaktid.taltech.ee\/en\/wp-json\/wp\/v2\/division?post=12377"},{"taxonomy":"department","embeddable":true,"href":"https:\/\/oigusaktid.taltech.ee\/en\/wp-json\/wp\/v2\/department?post=12377"}],"curies":[{"name":"wp","href":"https:\/\/api.w.org\/{rel}","templated":true}]}}